{"id":17731,"date":"2026-02-11T11:06:27","date_gmt":"2026-02-11T10:06:27","guid":{"rendered":"https:\/\/voicepoint.ch\/?p=17731"},"modified":"2026-02-11T11:08:53","modified_gmt":"2026-02-11T10:08:53","slug":"chantal-schoch-rejoint-lequipe-de-direction-de-voicepoint","status":"publish","type":"post","link":"https:\/\/voicepoint.ch\/fr\/news\/chantal-schoch-rejoint-lequipe-de-direction-de-voicepoint\/","title":{"rendered":"Chantal Schoch rejoint l&#8217;\u00e9quipe de direction de Voicepoint"},"content":{"rendered":"\n<p>L\u2019ann\u00e9e 2025 a \u00e9t\u00e9 marqu\u00e9e pour Voicepoint par des \u00e9volutions importantes et des orientations strat\u00e9giques clairement d\u00e9finies. Gr\u00e2ce \u00e0 de nouvelles solutions, des progr\u00e8s continus en mati\u00e8re de s\u00e9curit\u00e9 et de conformit\u00e9, et une pr\u00e9sence renforc\u00e9e sur le march\u00e9, nous avons \u00e9tabli des bases solides. Nous continuerons sur cette lanc\u00e9e en 2026, avec l&#8217;objectif clair de d\u00e9velopper sans cesse nos solutions, nos services et notre collaboration pour nos clients.<\/p>\n\n\n\n<p>Afin de poursuivre dans cette voie, nous sommes heureux d&#8217;annoncer que Chantal Schoch a rejoint la direction de Voicepoint en tant que Chief Operating Officer (COO) depuis le 1er janvier 2026.<\/p>\n\n\n\n<p>Chantal fait partie de Voicepoint depuis plus de 14 ans et conna\u00eet l&#8217;entreprise sous diff\u00e9rents angles : elle a d\u00e9but\u00e9 sa carri\u00e8re en tant qu&#8217;ing\u00e9nieure syst\u00e8me, puis a occup\u00e9 le poste de chef de projet et enfin celui de responsable des op\u00e9rations informatiques et des projets. Cette longue exp\u00e9rience lui conf\u00e8re une compr\u00e9hension approfondie de nos solutions, de nos processus et de la collaboration avec les clients et l&#8217;\u00e9quipe.<\/p>\n\n\n\n<p>Parmi les \u00e9tapes marquantes de son parcours figurent notamment la cr\u00e9ation et le d\u00e9veloppement du d\u00e9partement des op\u00e9rations, la mise en \u0153uvre r\u00e9ussie du <a href=\"https:\/\/voicepoint.ch\/fr\/a-propos-de-nous\/voicepoint-cloud\/\">Voicepoint Cloud<\/a>, y compris son approbation par l\u2019autorit\u00e9 de protection des donn\u00e9es pour une utilisation dans le secteur de la sant\u00e9 en Suisse, ainsi que le lancement de <a href=\"https:\/\/voicepoint.ch\/fr\/solutions\/voicepoint-xenon\/\" title=\"\">Voicepoint Xenon\u00ae<\/a>, qu\u2019elle a accompagn\u00e9 en tant que cheffe de projet. Ces exp\u00e9riences lui ont permis d&#8217;acqu\u00e9rir une vaste expertise professionnelle et technique, ainsi qu&#8217;une compr\u00e9hension fine des enjeux op\u00e9rationnels et du quotidien de nos clients.<\/p>\n\n\n\n<p>In ihrer neuen Rolle stellt Chantal sicher, dass operative Erfahrungen und Kundenn\u00e4he gezielt in strategische Entscheidungen einfliessen. Das unterst\u00fctzt klare Priorit\u00e4ten, abgestimmte Prozesse und eine Zusammenarbeit, die auch bei steigenden Anforderungen verl\u00e4sslich bleibt. F\u00fcr unsere Kundinnen und Kunden bedeutet das vor allem stabile Abl\u00e4ufe, klare Zust\u00e4ndigkeiten und eine partnerschaftliche Zusammenarbeit, auf die man sich verlassen kann \u2013 gerade in einem Umfeld mit hohen regulatorischen Anforderungen und sensiblen Daten.<\/p>\n\n\n\n<p>Dans ses nouvelles fonctions, Chantal veille \u00e0 ce que l&#8217;exp\u00e9rience op\u00e9rationnelle et l&#8217;orientation client soient strat\u00e9giquement int\u00e9gr\u00e9es \u00e0 la prise de d\u00e9cision. Ceci favorise des priorit\u00e9s claires, des processus rationalis\u00e9s et une collaboration fiable, m\u00eame face \u00e0 une demande croissante. Pour nos clients, cela se traduit par des op\u00e9rations stables, des responsabilit\u00e9s clairement d\u00e9finies et un partenariat solide, en particulier dans un environnement soumis \u00e0 des exigences r\u00e9glementaires \u00e9lev\u00e9es et traitant des donn\u00e9es sensibles.<\/p>\n\n\n\n<p>Avec une \u00e9quipe de direction \u00e9largie, nous envisageons l&#8217;avenir avec optimisme. Forts de nos succ\u00e8s pass\u00e9s, nous d\u00e9veloppons strat\u00e9giquement nos processus existants afin de renforcer nos op\u00e9rations et de cr\u00e9er une r\u00e9elle valeur ajout\u00e9e pour nos clients. Cette approche favorise une croissance durable et nous permet d&#8217;am\u00e9liorer progressivement nos solutions, sans jamais transiger sur la qualit\u00e9, la s\u00e9curit\u00e9 ni la fiabilit\u00e9.<\/p>\n\n\n\n<p><\/p>\n","protected":false},"excerpt":{"rendered":"<p>L\u2019ann\u00e9e 2025 a \u00e9t\u00e9 marqu\u00e9e pour Voicepoint par des \u00e9volutions importantes et des orientations strat\u00e9giques clairement d\u00e9finies. Gr\u00e2ce \u00e0 de nouvelles solutions, des progr\u00e8s continus en mati\u00e8re de s\u00e9curit\u00e9 et de conformit\u00e9, et une pr\u00e9sence renforc\u00e9e sur le march\u00e9, nous avons \u00e9tabli des bases solides. Nous continuerons sur cette lanc\u00e9e en 2026, avec l&#8217;objectif clair [&hellip;]<\/p>\n","protected":false},"author":2,"featured_media":17725,"comment_status":"closed","ping_status":"closed","sticky":false,"template":"","format":"standard","meta":{"_acf_changed":false,"slim_seo":{"title":"Chantal Schoch rejoint l'\u00e9quipe de direction de Voicepoint \u2022 Voicepoint AG","description":"L\u2019ann\u00e9e 2025 a \u00e9t\u00e9 marqu\u00e9e pour Voicepoint par des \u00e9volutions importantes et des orientations strat\u00e9giques clairement d\u00e9finies. Gr\u00e2ce \u00e0 de nouvelles solutions,"},"footnotes":""},"categories":[53],"class_list":["post-17731","post","type-post","status-publish","format-standard","has-post-thumbnail","hentry","category-generalites"],"acf":[],"_links":{"self":[{"href":"https:\/\/voicepoint.ch\/fr\/wp-json\/wp\/v2\/posts\/17731","targetHints":{"allow":["GET"]}}],"collection":[{"href":"https:\/\/voicepoint.ch\/fr\/wp-json\/wp\/v2\/posts"}],"about":[{"href":"https:\/\/voicepoint.ch\/fr\/wp-json\/wp\/v2\/types\/post"}],"author":[{"embeddable":true,"href":"https:\/\/voicepoint.ch\/fr\/wp-json\/wp\/v2\/users\/2"}],"replies":[{"embeddable":true,"href":"https:\/\/voicepoint.ch\/fr\/wp-json\/wp\/v2\/comments?post=17731"}],"version-history":[{"count":4,"href":"https:\/\/voicepoint.ch\/fr\/wp-json\/wp\/v2\/posts\/17731\/revisions"}],"predecessor-version":[{"id":17738,"href":"https:\/\/voicepoint.ch\/fr\/wp-json\/wp\/v2\/posts\/17731\/revisions\/17738"}],"wp:featuredmedia":[{"embeddable":true,"href":"https:\/\/voicepoint.ch\/fr\/wp-json\/wp\/v2\/media\/17725"}],"wp:attachment":[{"href":"https:\/\/voicepoint.ch\/fr\/wp-json\/wp\/v2\/media?parent=17731"}],"wp:term":[{"taxonomy":"category","embeddable":true,"href":"https:\/\/voicepoint.ch\/fr\/wp-json\/wp\/v2\/categories?post=17731"}],"curies":[{"name":"wp","href":"https:\/\/api.w.org\/{rel}","templated":true}]}}